{"id":2860,"date":"2012-06-06T19:54:17","date_gmt":"2012-06-06T17:54:17","guid":{"rendered":"http:\/\/autoivresse.com\/blog\/?p=2860"},"modified":"2012-06-22T09:27:48","modified_gmt":"2012-06-22T07:27:48","slug":"motor-village-paris-exposition-de-voiture-de-course-grand-prix","status":"publish","type":"post","link":"https:\/\/autoivresse.com\/blog\/motor-village-paris-exposition-de-voiture-de-course-grand-prix\/","title":{"rendered":"Motor Village Paris : Exposition de voiture de course \u00ab\u00a0Grand Prix\u00a0\u00bb"},"content":{"rendered":"<p>Pour les parisiens, ou ceux de passage a la capitale, je ne peux que recommander une petite visite au Motor Village (de Fiat), situ\u00e9 au rond point des Champs Elys\u00e9es (en bas des Champs Elys\u00e9es).<br \/>\nVous y trouverez une dizaine de voiture de course, de marque du groupe Fiat \u00e9videmment, dont la F1 Ferrari d&rsquo;Alain Prost de 1990, une Maserati GT, une Punto Abarth de Rallye,&#8230;<br \/>\nPour ceux qui ne pourront s&rsquo;y rendre, cliquez sur le lien ci joint pour voir mes photos:<\/p>\n<p><a title=\"Photos Motor Village \" href=\"https:\/\/autoivresse.com\/blog\/gallery\/photos-divers\/#prettyPhoto\" target=\"_blank\">https:\/\/autoivresse.com\/blog\/gallery\/photos-divers\/#prettyPhoto<\/a><\/p>\n<p><a href=\"https:\/\/autoivresse.com\/blog\/motor-village-paris-exposition-de-voiture-de-course-grand-prix\/samsung-4\/\" target=\"_blank\" rel=\"attachment wp-att-2862\"><img loading=\"lazy\" decoding=\"async\" class=\"aligncenter size-medium wp-image-2862\" title=\"Photo\" src=\"https:\/\/autoivresse.com\/blog\/wp-content\/uploads\/2012\/06\/IMG_20120602_1350251-300x225.jpg\" alt=\"\" width=\"300\" height=\"225\" srcset=\"https:\/\/autoivresse.com\/blog\/wp-content\/uploads\/2012\/06\/IMG_20120602_1350251-300x225.jpg 300w, https:\/\/autoivresse.com\/blog\/wp-content\/uploads\/2012\/06\/IMG_20120602_1350251-1024x768.jpg 1024w, https:\/\/autoivresse.com\/blog\/wp-content\/uploads\/2012\/06\/IMG_20120602_1350251-160x120.jpg 160w\" sizes=\"auto, (max-width: 300px) 100vw, 300px\" \/><\/a><br \/>\n<a href=\"https:\/\/autoivresse.com\/blog\/motor-village-paris-exposition-de-voiture-de-course-grand-prix\/samsung-5\/\" target=\"_blank\" rel=\"attachment wp-att-2863\"><img loading=\"lazy\" decoding=\"async\" class=\"aligncenter size-medium wp-image-2863\" title=\"Photo\" src=\"https:\/\/autoivresse.com\/blog\/wp-content\/uploads\/2012\/06\/IMG_20120602_1401261-300x225.jpg\" alt=\"\" width=\"300\" height=\"225\" srcset=\"https:\/\/autoivresse.com\/blog\/wp-content\/uploads\/2012\/06\/IMG_20120602_1401261-300x225.jpg 300w, https:\/\/autoivresse.com\/blog\/wp-content\/uploads\/2012\/06\/IMG_20120602_1401261-1024x768.jpg 1024w, https:\/\/autoivresse.com\/blog\/wp-content\/uploads\/2012\/06\/IMG_20120602_1401261-160x120.jpg 160w\" sizes=\"auto, (max-width: 300px) 100vw, 300px\" \/><\/a><br \/>\n<a href=\"https:\/\/autoivresse.com\/blog\/motor-village-paris-exposition-de-voiture-de-course-grand-prix\/samsung-6\/\" target=\"_blank\" rel=\"attachment wp-att-2864\"><img loading=\"lazy\" decoding=\"async\" class=\"aligncenter size-medium wp-image-2864\" title=\"Photo\" src=\"https:\/\/autoivresse.com\/blog\/wp-content\/uploads\/2012\/06\/IMG_20120602_1355161-300x225.jpg\" alt=\"\" width=\"300\" height=\"225\" srcset=\"https:\/\/autoivresse.com\/blog\/wp-content\/uploads\/2012\/06\/IMG_20120602_1355161-300x225.jpg 300w, https:\/\/autoivresse.com\/blog\/wp-content\/uploads\/2012\/06\/IMG_20120602_1355161-1024x768.jpg 1024w, https:\/\/autoivresse.com\/blog\/wp-content\/uploads\/2012\/06\/IMG_20120602_1355161-160x120.jpg 160w\" sizes=\"auto, (max-width: 300px) 100vw, 300px\" \/><\/a><\/p>\n","protected":false},"excerpt":{"rendered":"<p>Pour les parisiens, ou ceux de passage a la capitale, je ne peux que recommander une petite visite au Motor Village (de Fiat), situ\u00e9 au rond point des Champs Elys\u00e9es (en bas des Champs Elys\u00e9es). Vous y trouverez une dizaine &hellip; <a href=\"https:\/\/autoivresse.com\/blog\/motor-village-paris-exposition-de-voiture-de-course-grand-prix\/\">Continuer la lecture <span class=\"meta-nav\">&rarr;<\/span><\/a><\/p>\n","protected":false},"author":6,"featured_media":0,"comment_status":"open","ping_status":"open","sticky":false,"template":"","format":"standard","meta":{"ngg_post_thumbnail":0,"footnotes":""},"categories":[6,296],"tags":[54,510,37,56,512,50,55,17,513,53],"class_list":["post-2860","post","type-post","status-publish","format-standard","hentry","category-course-auto","category-salon-exposition","tag-champs-elysees","tag-course-auto","tag-ferrari","tag-fiat","tag-formule-1","tag-gt","tag-maserati","tag-photos","tag-rallye","tag-victoire"],"jetpack_featured_media_url":"","_links":{"self":[{"href":"https:\/\/autoivresse.com\/blog\/wp-json\/wp\/v2\/posts\/2860","targetHints":{"allow":["GET"]}}],"collection":[{"href":"https:\/\/autoivresse.com\/blog\/wp-json\/wp\/v2\/posts"}],"about":[{"href":"https:\/\/autoivresse.com\/blog\/wp-json\/wp\/v2\/types\/post"}],"author":[{"embeddable":true,"href":"https:\/\/autoivresse.com\/blog\/wp-json\/wp\/v2\/users\/6"}],"replies":[{"embeddable":true,"href":"https:\/\/autoivresse.com\/blog\/wp-json\/wp\/v2\/comments?post=2860"}],"version-history":[{"count":0,"href":"https:\/\/autoivresse.com\/blog\/wp-json\/wp\/v2\/posts\/2860\/revisions"}],"wp:attachment":[{"href":"https:\/\/autoivresse.com\/blog\/wp-json\/wp\/v2\/media?parent=2860"}],"wp:term":[{"taxonomy":"category","embeddable":true,"href":"https:\/\/autoivresse.com\/blog\/wp-json\/wp\/v2\/categories?post=2860"},{"taxonomy":"post_tag","embeddable":true,"href":"https:\/\/autoivresse.com\/blog\/wp-json\/wp\/v2\/tags?post=2860"}],"curies":[{"name":"wp","href":"https:\/\/api.w.org\/{rel}","templated":true}]}}