{"id":350,"date":"2011-12-20T13:40:00","date_gmt":"2011-12-20T12:40:00","guid":{"rendered":"http:\/\/autoivresse.com\/blog\/commentaires-sur-r5-alpine-super-5-gt-turbo\/"},"modified":"2012-06-22T09:33:07","modified_gmt":"2012-06-22T07:33:07","slug":"commentaires-sur-r5-alpine-super-5-gt-turbo","status":"publish","type":"post","link":"https:\/\/autoivresse.com\/blog\/commentaires-sur-r5-alpine-super-5-gt-turbo\/","title":{"rendered":"R5 Alpine &#038; Super 5 GT Turbo"},"content":{"rendered":"<p>Dans la lign\u00e9e des pr\u00e9c\u00e9dentes photos, voila une R5 Alpine et Super 5 GT Turbo vues lors du m\u00eame salon auto-r\u00e9tro.<\/p>\n<p>Magnifique\u00a0!<\/p>\n<p>&nbsp;<\/p>\n<p><a href=\"https:\/\/autoivresse.com\/blog\/wp-content\/uploads\/2012\/04\/71202620.jpg\"><img decoding=\"async\" class=\"aligncenter size-medium\" src=\"https:\/\/autoivresse.com\/blog\/wp-content\/uploads\/2012\/04\/71202620_p.jpg\" alt=\"\" \/><\/a><a href=\"https:\/\/autoivresse.com\/blog\/wp-content\/uploads\/2012\/04\/71202605.jpg\"><img decoding=\"async\" class=\"aligncenter size-medium\" src=\"https:\/\/autoivresse.com\/blog\/wp-content\/uploads\/2012\/04\/71202605_p.jpg\" alt=\"\" \/><\/a><a href=\"https:\/\/autoivresse.com\/blog\/wp-content\/uploads\/2012\/04\/71202606.jpg\"><img decoding=\"async\" class=\"aligncenter size-medium\" src=\"https:\/\/autoivresse.com\/blog\/wp-content\/uploads\/2012\/04\/71202606_p.jpg\" alt=\"\" \/><\/a><\/p>\n","protected":false},"excerpt":{"rendered":"<p>Dans la lign\u00e9e des pr\u00e9c\u00e9dentes photos, voila une R5 Alpine et Super 5 GT Turbo vues lors du m\u00eame salon auto-r\u00e9tro. Magnifique\u00a0! &nbsp;<\/p>\n","protected":false},"author":6,"featured_media":0,"comment_status":"open","ping_status":"open","sticky":false,"template":"","format":"standard","meta":{"ngg_post_thumbnail":0,"footnotes":""},"categories":[5,296],"tags":[65,509,50,228,139,225,227,229,226,140],"class_list":["post-350","post","type-post","status-publish","format-standard","hentry","category-auto-generale","category-salon-exposition","tag-alpine","tag-auto-generale","tag-gt","tag-gt-turbo","tag-r5","tag-r5-alpine","tag-super-5","tag-super-5-gt-turbo","tag-super5","tag-turbo"],"jetpack_featured_media_url":"","_links":{"self":[{"href":"https:\/\/autoivresse.com\/blog\/wp-json\/wp\/v2\/posts\/350","targetHints":{"allow":["GET"]}}],"collection":[{"href":"https:\/\/autoivresse.com\/blog\/wp-json\/wp\/v2\/posts"}],"about":[{"href":"https:\/\/autoivresse.com\/blog\/wp-json\/wp\/v2\/types\/post"}],"author":[{"embeddable":true,"href":"https:\/\/autoivresse.com\/blog\/wp-json\/wp\/v2\/users\/6"}],"replies":[{"embeddable":true,"href":"https:\/\/autoivresse.com\/blog\/wp-json\/wp\/v2\/comments?post=350"}],"version-history":[{"count":0,"href":"https:\/\/autoivresse.com\/blog\/wp-json\/wp\/v2\/posts\/350\/revisions"}],"wp:attachment":[{"href":"https:\/\/autoivresse.com\/blog\/wp-json\/wp\/v2\/media?parent=350"}],"wp:term":[{"taxonomy":"category","embeddable":true,"href":"https:\/\/autoivresse.com\/blog\/wp-json\/wp\/v2\/categories?post=350"},{"taxonomy":"post_tag","embeddable":true,"href":"https:\/\/autoivresse.com\/blog\/wp-json\/wp\/v2\/tags?post=350"}],"curies":[{"name":"wp","href":"https:\/\/api.w.org\/{rel}","templated":true}]}}